{"id":10556,"date":"2023-03-06T19:31:53","date_gmt":"2023-03-06T19:31:53","guid":{"rendered":"http:\/\/www.kajaaninkuohu.fi\/?p=10556"},"modified":"2023-03-06T19:31:53","modified_gmt":"2023-03-06T19:31:53","slug":"vimpelin-rinteella-hiihtolomaviikolla","status":"publish","type":"post","link":"https:\/\/www.kajaaninkuohu.fi\/?p=10556","title":{"rendered":"Vimpelin rinteell\u00e4 hiihtolomaviikolla"},"content":{"rendered":"<p>Olemme avoinna 4-12.3 jokap\u00e4iv\u00e4 klo 12.00-18.00.<br \/>\nViet\u00e4mme laskettelurieha p\u00e4iv\u00e4\u00e4 tiistaina ja torstaina.<br \/>\nTiistaina rattikelkka- ja pujottelukisa.<br \/>\nTorstaina reili- ja hyppykisa.<br \/>\nSarjat tyt\u00f6t ja pojat alle ja yli 13v.<\/p>\n<p><a href=\"https:\/\/www.kajaaninkuohu.fi\/wp-content\/uploads\/2022\/03\/Rinne-hyppykuva.png\"><img loading=\"lazy\" decoding=\"async\" src=\"https:\/\/www.kajaaninkuohu.fi\/wp-content\/uploads\/2022\/03\/Rinne-hyppykuva-300x169.png\" alt=\"\" width=\"300\" height=\"169\" class=\"aligncenter size-medium wp-image-10235\" srcset=\"https:\/\/www.kajaaninkuohu.fi\/wp-content\/uploads\/2022\/03\/Rinne-hyppykuva-300x169.png 300w, https:\/\/www.kajaaninkuohu.fi\/wp-content\/uploads\/2022\/03\/Rinne-hyppykuva-1024x576.png 1024w, https:\/\/www.kajaaninkuohu.fi\/wp-content\/uploads\/2022\/03\/Rinne-hyppykuva-768x432.png 768w, https:\/\/www.kajaaninkuohu.fi\/wp-content\/uploads\/2022\/03\/Rinne-hyppykuva-1536x864.png 1536w, https:\/\/www.kajaaninkuohu.fi\/wp-content\/uploads\/2022\/03\/Rinne-hyppykuva.png 1920w\" sizes=\"(max-width: 300px) 100vw, 300px\" \/><\/a><\/p>\n<p>Tervetuloa kisailemaan.<br \/>\nKaikki osallistujat palkitaan.<\/p>\n","protected":false},"excerpt":{"rendered":"<p>Olemme avoinna 4-12.3 jokap\u00e4iv\u00e4 klo 12.00-18.00. Viet\u00e4mme laskettelurieha p\u00e4iv\u00e4\u00e4 tiistaina ja torstaina. Tiistaina rattikelkka- ja pujottelukisa. Torstaina reili- ja hyppykisa.<br \/><a class=\"lue-lisaa\" href=\"https:\/\/www.kajaaninkuohu.fi\/?p=10556\">Lue lis&auml;&auml; &raquo;<\/a><\/p>\n","protected":false},"author":8,"featured_media":10235,"comment_status":"open","ping_status":"open","sticky":false,"template":"","format":"standard","meta":{"ngg_post_thumbnail":0,"footnotes":""},"categories":[59,43,35],"tags":[],"yoast_head":"<!-- This site is optimized with the Yoast SEO plugin v20.1 - https:\/\/yoast.com\/wordpress\/plugins\/seo\/ -->\n<title>Vimpelin rinteell\u00e4 hiihtolomaviikolla - Kajaanin Kuohu<\/title>\n<meta name=\"robots\" content=\"index, follow, max-snippet:-1, max-image-preview:large, max-video-preview:-1\" \/>\n<link rel=\"canonical\" href=\"https:\/\/www.kajaaninkuohu.fi\/?p=10556\" \/>\n<meta property=\"og:locale\" content=\"fi_FI\" \/>\n<meta property=\"og:type\" content=\"article\" \/>\n<meta property=\"og:title\" content=\"Vimpelin rinteell\u00e4 hiihtolomaviikolla - Kajaanin Kuohu\" \/>\n<meta property=\"og:description\" content=\"Olemme avoinna 4-12.3 jokap\u00e4iv\u00e4 klo 12.00-18.00. Viet\u00e4mme laskettelurieha p\u00e4iv\u00e4\u00e4 tiistaina ja torstaina. Tiistaina rattikelkka- ja pujottelukisa. Torstaina reili- ja hyppykisa.Lue lis&auml;&auml; &raquo;\" \/>\n<meta property=\"og:url\" content=\"https:\/\/www.kajaaninkuohu.fi\/?p=10556\" \/>\n<meta property=\"og:site_name\" content=\"Kajaanin Kuohu\" \/>\n<meta property=\"article:published_time\" content=\"2023-03-06T19:31:53+00:00\" \/>\n<meta property=\"og:image\" content=\"https:\/\/www.kajaaninkuohu.fi\/wp-content\/uploads\/2022\/03\/Rinne-hyppykuva-1024x576.png\" \/>\n\t<meta property=\"og:image:width\" content=\"1024\" \/>\n\t<meta property=\"og:image:height\" content=\"576\" \/>\n\t<meta property=\"og:image:type\" content=\"image\/png\" \/>\n<meta name=\"author\" content=\"jallu\" \/>\n<meta name=\"twitter:card\" content=\"summary_large_image\" \/>\n<meta name=\"twitter:label1\" content=\"Kirjoittanut\" \/>\n\t<meta name=\"twitter:data1\" content=\"jallu\" \/>\n<script type=\"application\/ld+json\" class=\"yoast-schema-graph\">{\"@context\":\"https:\/\/schema.org\",\"@graph\":[{\"@type\":\"WebPage\",\"@id\":\"https:\/\/www.kajaaninkuohu.fi\/?p=10556\",\"url\":\"https:\/\/www.kajaaninkuohu.fi\/?p=10556\",\"name\":\"Vimpelin rinteell\u00e4 hiihtolomaviikolla - Kajaanin Kuohu\",\"isPartOf\":{\"@id\":\"https:\/\/www.kajaaninkuohu.fi\/#website\"},\"datePublished\":\"2023-03-06T19:31:53+00:00\",\"dateModified\":\"2023-03-06T19:31:53+00:00\",\"author\":{\"@id\":\"https:\/\/www.kajaaninkuohu.fi\/#\/schema\/person\/1d69bd9ae0aa0f40f9e184dc31cca30e\"},\"breadcrumb\":{\"@id\":\"https:\/\/www.kajaaninkuohu.fi\/?p=10556#breadcrumb\"},\"inLanguage\":\"fi\",\"potentialAction\":[{\"@type\":\"ReadAction\",\"target\":[\"https:\/\/www.kajaaninkuohu.fi\/?p=10556\"]}]},{\"@type\":\"BreadcrumbList\",\"@id\":\"https:\/\/www.kajaaninkuohu.fi\/?p=10556#breadcrumb\",\"itemListElement\":[{\"@type\":\"ListItem\",\"position\":1,\"name\":\"Etusivu\",\"item\":\"https:\/\/www.kajaaninkuohu.fi\/\"},{\"@type\":\"ListItem\",\"position\":2,\"name\":\"Vimpelin rinteell\u00e4 hiihtolomaviikolla\"}]},{\"@type\":\"WebSite\",\"@id\":\"https:\/\/www.kajaaninkuohu.fi\/#website\",\"url\":\"https:\/\/www.kajaaninkuohu.fi\/\",\"name\":\"Kajaanin Kuohu\",\"description\":\"Urheiluseura\",\"potentialAction\":[{\"@type\":\"SearchAction\",\"target\":{\"@type\":\"EntryPoint\",\"urlTemplate\":\"https:\/\/www.kajaaninkuohu.fi\/?s={search_term_string}\"},\"query-input\":\"required name=search_term_string\"}],\"inLanguage\":\"fi\"},{\"@type\":\"Person\",\"@id\":\"https:\/\/www.kajaaninkuohu.fi\/#\/schema\/person\/1d69bd9ae0aa0f40f9e184dc31cca30e\",\"name\":\"jallu\",\"image\":{\"@type\":\"ImageObject\",\"inLanguage\":\"fi\",\"@id\":\"https:\/\/www.kajaaninkuohu.fi\/#\/schema\/person\/image\/\",\"url\":\"https:\/\/secure.gravatar.com\/avatar\/e8d444ddfbbcb33e9aaa30184e3f9f0b?s=96&d=mm&r=g\",\"contentUrl\":\"https:\/\/secure.gravatar.com\/avatar\/e8d444ddfbbcb33e9aaa30184e3f9f0b?s=96&d=mm&r=g\",\"caption\":\"jallu\"},\"url\":\"https:\/\/www.kajaaninkuohu.fi\/?author=8\"}]}<\/script>\n<!-- \/ Yoast SEO plugin. -->","yoast_head_json":{"title":"Vimpelin rinteell\u00e4 hiihtolomaviikolla - Kajaanin Kuohu","robots":{"index":"index","follow":"follow","max-snippet":"max-snippet:-1","max-image-preview":"max-image-preview:large","max-video-preview":"max-video-preview:-1"},"canonical":"https:\/\/www.kajaaninkuohu.fi\/?p=10556","og_locale":"fi_FI","og_type":"article","og_title":"Vimpelin rinteell\u00e4 hiihtolomaviikolla - Kajaanin Kuohu","og_description":"Olemme avoinna 4-12.3 jokap\u00e4iv\u00e4 klo 12.00-18.00. Viet\u00e4mme laskettelurieha p\u00e4iv\u00e4\u00e4 tiistaina ja torstaina. Tiistaina rattikelkka- ja pujottelukisa. Torstaina reili- ja hyppykisa.Lue lis&auml;&auml; &raquo;","og_url":"https:\/\/www.kajaaninkuohu.fi\/?p=10556","og_site_name":"Kajaanin Kuohu","article_published_time":"2023-03-06T19:31:53+00:00","og_image":[{"width":1024,"height":576,"url":"https:\/\/www.kajaaninkuohu.fi\/wp-content\/uploads\/2022\/03\/Rinne-hyppykuva-1024x576.png","type":"image\/png"}],"author":"jallu","twitter_card":"summary_large_image","twitter_misc":{"Kirjoittanut":"jallu"},"schema":{"@context":"https:\/\/schema.org","@graph":[{"@type":"WebPage","@id":"https:\/\/www.kajaaninkuohu.fi\/?p=10556","url":"https:\/\/www.kajaaninkuohu.fi\/?p=10556","name":"Vimpelin rinteell\u00e4 hiihtolomaviikolla - Kajaanin Kuohu","isPartOf":{"@id":"https:\/\/www.kajaaninkuohu.fi\/#website"},"datePublished":"2023-03-06T19:31:53+00:00","dateModified":"2023-03-06T19:31:53+00:00","author":{"@id":"https:\/\/www.kajaaninkuohu.fi\/#\/schema\/person\/1d69bd9ae0aa0f40f9e184dc31cca30e"},"breadcrumb":{"@id":"https:\/\/www.kajaaninkuohu.fi\/?p=10556#breadcrumb"},"inLanguage":"fi","potentialAction":[{"@type":"ReadAction","target":["https:\/\/www.kajaaninkuohu.fi\/?p=10556"]}]},{"@type":"BreadcrumbList","@id":"https:\/\/www.kajaaninkuohu.fi\/?p=10556#breadcrumb","itemListElement":[{"@type":"ListItem","position":1,"name":"Etusivu","item":"https:\/\/www.kajaaninkuohu.fi\/"},{"@type":"ListItem","position":2,"name":"Vimpelin rinteell\u00e4 hiihtolomaviikolla"}]},{"@type":"WebSite","@id":"https:\/\/www.kajaaninkuohu.fi\/#website","url":"https:\/\/www.kajaaninkuohu.fi\/","name":"Kajaanin Kuohu","description":"Urheiluseura","potentialAction":[{"@type":"SearchAction","target":{"@type":"EntryPoint","urlTemplate":"https:\/\/www.kajaaninkuohu.fi\/?s={search_term_string}"},"query-input":"required name=search_term_string"}],"inLanguage":"fi"},{"@type":"Person","@id":"https:\/\/www.kajaaninkuohu.fi\/#\/schema\/person\/1d69bd9ae0aa0f40f9e184dc31cca30e","name":"jallu","image":{"@type":"ImageObject","inLanguage":"fi","@id":"https:\/\/www.kajaaninkuohu.fi\/#\/schema\/person\/image\/","url":"https:\/\/secure.gravatar.com\/avatar\/e8d444ddfbbcb33e9aaa30184e3f9f0b?s=96&d=mm&r=g","contentUrl":"https:\/\/secure.gravatar.com\/avatar\/e8d444ddfbbcb33e9aaa30184e3f9f0b?s=96&d=mm&r=g","caption":"jallu"},"url":"https:\/\/www.kajaaninkuohu.fi\/?author=8"}]}},"_links":{"self":[{"href":"https:\/\/www.kajaaninkuohu.fi\/index.php?rest_route=\/wp\/v2\/posts\/10556"}],"collection":[{"href":"https:\/\/www.kajaaninkuohu.fi\/index.php?rest_route=\/wp\/v2\/posts"}],"about":[{"href":"https:\/\/www.kajaaninkuohu.fi\/index.php?rest_route=\/wp\/v2\/types\/post"}],"author":[{"embeddable":true,"href":"https:\/\/www.kajaaninkuohu.fi\/index.php?rest_route=\/wp\/v2\/users\/8"}],"replies":[{"embeddable":true,"href":"https:\/\/www.kajaaninkuohu.fi\/index.php?rest_route=%2Fwp%2Fv2%2Fcomments&post=10556"}],"version-history":[{"count":1,"href":"https:\/\/www.kajaaninkuohu.fi\/index.php?rest_route=\/wp\/v2\/posts\/10556\/revisions"}],"predecessor-version":[{"id":10557,"href":"https:\/\/www.kajaaninkuohu.fi\/index.php?rest_route=\/wp\/v2\/posts\/10556\/revisions\/10557"}],"wp:featuredmedia":[{"embeddable":true,"href":"https:\/\/www.kajaaninkuohu.fi\/index.php?rest_route=\/wp\/v2\/media\/10235"}],"wp:attachment":[{"href":"https:\/\/www.kajaaninkuohu.fi\/index.php?rest_route=%2Fwp%2Fv2%2Fmedia&parent=10556"}],"wp:term":[{"taxonomy":"category","embeddable":true,"href":"https:\/\/www.kajaaninkuohu.fi\/index.php?rest_route=%2Fwp%2Fv2%2Fcategories&post=10556"},{"taxonomy":"post_tag","embeddable":true,"href":"https:\/\/www.kajaaninkuohu.fi\/index.php?rest_route=%2Fwp%2Fv2%2Ftags&post=10556"}],"curies":[{"name":"wp","href":"https:\/\/api.w.org\/{rel}","templated":true}]}}