{"id":4542,"date":"2012-07-18T15:31:00","date_gmt":"2012-07-18T15:31:00","guid":{"rendered":"http:\/\/www.kajaaninkuohu.fi\/?p=4542"},"modified":"2012-07-22T10:43:53","modified_gmt":"2012-07-22T10:43:53","slug":"nyrkkeilyn-kamppailuareena-21-7-2012-klo-13-00","status":"publish","type":"post","link":"https:\/\/www.kajaaninkuohu.fi\/?p=4542","title":{"rendered":"Nyrkkeilyn kamppailuareena 21.7.2012 klo 13.00"},"content":{"rendered":"<p><strong>KAMPPAILU AREENA 2012<\/strong><\/p>\n<p><strong>\u00a0\u00a0 21.7.2012\u00a0 Klo 13.00<\/strong><\/p>\n<p><strong>\u00a0<\/strong>\u00a0\u00a0\u00a0\u00a0\u00a0\u00a0\u00a0\u00a0\u00a0\u00a0\u00a0\u00a0\u00a0\u00a0\u00a0\u00a0\u00a0\u00a0\u00a0\u00a0\u00a0\u00a0\u00a0\u00a0\u00a0\u00a0\u00a0\u00a0\u00a0\u00a0\u00a0\u00a0\u00a0\u00a0\u00a0\u00a0\u00a0\u00a0\u00a0\u00a0\u00a0\u00a0 <strong>TULOKSET<br \/>\n<\/strong><\/p>\n<ol>\n<li>Y-64 kg\u00a0\u00a0 Joni Anttonen KajKu &#8211; Jukka-Pekka J\u00e4ms\u00e4 OBT (n\u00e4yt\u00f6sottelu)<\/li>\n<li>C-45 kg\u00a0\u00a0 Janne Eskelinen KajKu &#8211; Jesse Poikela KeI\u00a0\u00a0\u00a0\u00a0\u00a0 2-1<\/li>\n<li>N-69 kg \u00a0Henna-Maaria Mettovaara OKK- Sannamari Pulkkinen KajKu\u00a0 3-0<\/li>\n<li>C-51 kg\u00a0\u00a0Vikke Kanninen OuTa &#8211; Joni Kyll\u00f6nen KajKu\u00a0 2-1<\/li>\n<li>N-54 kg \u00a0 Sallamaari Hannonen KajKu &#8211; Saara Lukkarila RaNy\u00a0 3-0<\/li>\n<li>B-52 kg\u00a0\u00a0 Setti Heikkinen KajKu &#8211;\u00a0 Jesse Pirnes OKK\u00a0 3-0<\/li>\n<\/ol>\n<p>&nbsp;<\/p>\n<p>&nbsp;<\/p>\n<p><strong>OTTELUOHJELMA<\/strong><\/p>\n<ol>\n<li>Y-64 kg\u00a0\u00a0 Joni Anttonen KajKu &#8211; Jukka-Pekka J\u00e4ms\u00e4 OBT (n\u00e4yt\u00f6sottelu)<\/li>\n<li>C-45 kg\u00a0\u00a0 Janne Eskelinen KajKu &#8211; Jesse Poikela KeI<\/li>\n<li>N-69 kg \u00a0\u00a0Sannamari Pulkkinen KajKu &#8211; Henna-Maaria Mettovaara OKK<\/li>\n<li>C-51 kg\u00a0\u00a0 Joni Kyll\u00f6nen KajKu &#8211; Vikke Kanninen OuTa<\/li>\n<li>N-54 kg \u00a0 Sallamaari Hannonen KajKu &#8211; Saara Lukkarila RaNy<\/li>\n<li>B-52 kg\u00a0\u00a0 Setti Heikkinen KajKu &#8211;\u00a0 Jesse Pirnes OKK<\/li>\n<\/ol>\n<p>&nbsp;<\/p>\n","protected":false},"excerpt":{"rendered":"<p>KAMPPAILU AREENA 2012 \u00a0\u00a0 21.7.2012\u00a0 Klo 13.00 \u00a0\u00a0\u00a0\u00a0\u00a0\u00a0\u00a0\u00a0\u00a0\u00a0\u00a0\u00a0\u00a0\u00a0\u00a0\u00a0\u00a0\u00a0\u00a0\u00a0\u00a0\u00a0\u00a0\u00a0\u00a0\u00a0\u00a0\u00a0\u00a0\u00a0\u00a0\u00a0\u00a0\u00a0\u00a0\u00a0\u00a0\u00a0\u00a0\u00a0\u00a0\u00a0\u00a0 TULOKSET Y-64 kg\u00a0\u00a0 Joni Anttonen KajKu &#8211; Jukka-Pekka J\u00e4ms\u00e4 OBT (n\u00e4yt\u00f6sottelu) C-45<br \/><a class=\"lue-lisaa\" href=\"https:\/\/www.kajaaninkuohu.fi\/?p=4542\">Lue lis&auml;&auml; &raquo;<\/a><\/p>\n","protected":false},"author":8,"featured_media":4548,"comment_status":"open","ping_status":"open","sticky":false,"template":"","format":"standard","meta":{"ngg_post_thumbnail":0,"footnotes":""},"categories":[21,1],"tags":[],"yoast_head":"<!-- This site is optimized with the Yoast SEO plugin v20.1 - https:\/\/yoast.com\/wordpress\/plugins\/seo\/ -->\n<title>Nyrkkeilyn kamppailuareena 21.7.2012 klo 13.00 - Kajaanin Kuohu<\/title>\n<meta name=\"robots\" content=\"index, follow, max-snippet:-1, max-image-preview:large, max-video-preview:-1\" \/>\n<link rel=\"canonical\" href=\"https:\/\/www.kajaaninkuohu.fi\/?p=4542\" \/>\n<meta property=\"og:locale\" content=\"fi_FI\" \/>\n<meta property=\"og:type\" content=\"article\" \/>\n<meta property=\"og:title\" content=\"Nyrkkeilyn kamppailuareena 21.7.2012 klo 13.00 - Kajaanin Kuohu\" \/>\n<meta property=\"og:description\" content=\"KAMPPAILU AREENA 2012 \u00a0\u00a0 21.7.2012\u00a0 Klo 13.00 \u00a0\u00a0\u00a0\u00a0\u00a0\u00a0\u00a0\u00a0\u00a0\u00a0\u00a0\u00a0\u00a0\u00a0\u00a0\u00a0\u00a0\u00a0\u00a0\u00a0\u00a0\u00a0\u00a0\u00a0\u00a0\u00a0\u00a0\u00a0\u00a0\u00a0\u00a0\u00a0\u00a0\u00a0\u00a0\u00a0\u00a0\u00a0\u00a0\u00a0\u00a0\u00a0\u00a0 TULOKSET Y-64 kg\u00a0\u00a0 Joni Anttonen KajKu &#8211; Jukka-Pekka J\u00e4ms\u00e4 OBT (n\u00e4yt\u00f6sottelu) C-45Lue lis&auml;&auml; &raquo;\" \/>\n<meta property=\"og:url\" content=\"https:\/\/www.kajaaninkuohu.fi\/?p=4542\" \/>\n<meta property=\"og:site_name\" content=\"Kajaanin Kuohu\" \/>\n<meta property=\"article:published_time\" content=\"2012-07-18T15:31:00+00:00\" \/>\n<meta property=\"article:modified_time\" content=\"2012-07-22T10:43:53+00:00\" \/>\n<meta property=\"og:image\" content=\"https:\/\/www.kajaaninkuohu.fi\/wp-content\/uploads\/2012\/07\/Kamppailu-areena-2012-juliste.jpg\" \/>\n\t<meta property=\"og:image:width\" content=\"800\" \/>\n\t<meta property=\"og:image:height\" content=\"566\" \/>\n\t<meta property=\"og:image:type\" content=\"image\/jpeg\" \/>\n<meta name=\"author\" content=\"jallu\" \/>\n<meta name=\"twitter:card\" content=\"summary_large_image\" \/>\n<meta name=\"twitter:label1\" content=\"Kirjoittanut\" \/>\n\t<meta name=\"twitter:data1\" content=\"jallu\" \/>\n\t<meta name=\"twitter:label2\" content=\"Arvioitu lukuaika\" \/>\n\t<meta name=\"twitter:data2\" content=\"1 minuutti\" \/>\n<script type=\"application\/ld+json\" class=\"yoast-schema-graph\">{\"@context\":\"https:\/\/schema.org\",\"@graph\":[{\"@type\":\"WebPage\",\"@id\":\"https:\/\/www.kajaaninkuohu.fi\/?p=4542\",\"url\":\"https:\/\/www.kajaaninkuohu.fi\/?p=4542\",\"name\":\"Nyrkkeilyn kamppailuareena 21.7.2012 klo 13.00 - Kajaanin Kuohu\",\"isPartOf\":{\"@id\":\"https:\/\/www.kajaaninkuohu.fi\/#website\"},\"datePublished\":\"2012-07-18T15:31:00+00:00\",\"dateModified\":\"2012-07-22T10:43:53+00:00\",\"author\":{\"@id\":\"https:\/\/www.kajaaninkuohu.fi\/#\/schema\/person\/1d69bd9ae0aa0f40f9e184dc31cca30e\"},\"breadcrumb\":{\"@id\":\"https:\/\/www.kajaaninkuohu.fi\/?p=4542#breadcrumb\"},\"inLanguage\":\"fi\",\"potentialAction\":[{\"@type\":\"ReadAction\",\"target\":[\"https:\/\/www.kajaaninkuohu.fi\/?p=4542\"]}]},{\"@type\":\"BreadcrumbList\",\"@id\":\"https:\/\/www.kajaaninkuohu.fi\/?p=4542#breadcrumb\",\"itemListElement\":[{\"@type\":\"ListItem\",\"position\":1,\"name\":\"Etusivu\",\"item\":\"https:\/\/www.kajaaninkuohu.fi\/\"},{\"@type\":\"ListItem\",\"position\":2,\"name\":\"Nyrkkeilyn kamppailuareena 21.7.2012 klo 13.00\"}]},{\"@type\":\"WebSite\",\"@id\":\"https:\/\/www.kajaaninkuohu.fi\/#website\",\"url\":\"https:\/\/www.kajaaninkuohu.fi\/\",\"name\":\"Kajaanin Kuohu\",\"description\":\"Urheiluseura\",\"potentialAction\":[{\"@type\":\"SearchAction\",\"target\":{\"@type\":\"EntryPoint\",\"urlTemplate\":\"https:\/\/www.kajaaninkuohu.fi\/?s={search_term_string}\"},\"query-input\":\"required name=search_term_string\"}],\"inLanguage\":\"fi\"},{\"@type\":\"Person\",\"@id\":\"https:\/\/www.kajaaninkuohu.fi\/#\/schema\/person\/1d69bd9ae0aa0f40f9e184dc31cca30e\",\"name\":\"jallu\",\"image\":{\"@type\":\"ImageObject\",\"inLanguage\":\"fi\",\"@id\":\"https:\/\/www.kajaaninkuohu.fi\/#\/schema\/person\/image\/\",\"url\":\"https:\/\/secure.gravatar.com\/avatar\/e8d444ddfbbcb33e9aaa30184e3f9f0b?s=96&d=mm&r=g\",\"contentUrl\":\"https:\/\/secure.gravatar.com\/avatar\/e8d444ddfbbcb33e9aaa30184e3f9f0b?s=96&d=mm&r=g\",\"caption\":\"jallu\"},\"url\":\"https:\/\/www.kajaaninkuohu.fi\/?author=8\"}]}<\/script>\n<!-- \/ Yoast SEO plugin. -->","yoast_head_json":{"title":"Nyrkkeilyn kamppailuareena 21.7.2012 klo 13.00 - Kajaanin Kuohu","robots":{"index":"index","follow":"follow","max-snippet":"max-snippet:-1","max-image-preview":"max-image-preview:large","max-video-preview":"max-video-preview:-1"},"canonical":"https:\/\/www.kajaaninkuohu.fi\/?p=4542","og_locale":"fi_FI","og_type":"article","og_title":"Nyrkkeilyn kamppailuareena 21.7.2012 klo 13.00 - Kajaanin Kuohu","og_description":"KAMPPAILU AREENA 2012 \u00a0\u00a0 21.7.2012\u00a0 Klo 13.00 \u00a0\u00a0\u00a0\u00a0\u00a0\u00a0\u00a0\u00a0\u00a0\u00a0\u00a0\u00a0\u00a0\u00a0\u00a0\u00a0\u00a0\u00a0\u00a0\u00a0\u00a0\u00a0\u00a0\u00a0\u00a0\u00a0\u00a0\u00a0\u00a0\u00a0\u00a0\u00a0\u00a0\u00a0\u00a0\u00a0\u00a0\u00a0\u00a0\u00a0\u00a0\u00a0\u00a0 TULOKSET Y-64 kg\u00a0\u00a0 Joni Anttonen KajKu &#8211; Jukka-Pekka J\u00e4ms\u00e4 OBT (n\u00e4yt\u00f6sottelu) C-45Lue lis&auml;&auml; &raquo;","og_url":"https:\/\/www.kajaaninkuohu.fi\/?p=4542","og_site_name":"Kajaanin Kuohu","article_published_time":"2012-07-18T15:31:00+00:00","article_modified_time":"2012-07-22T10:43:53+00:00","og_image":[{"width":"800","height":"566","url":"https:\/\/www.kajaaninkuohu.fi\/wp-content\/uploads\/2012\/07\/Kamppailu-areena-2012-juliste.jpg","type":"image\/jpeg"}],"author":"jallu","twitter_card":"summary_large_image","twitter_misc":{"Kirjoittanut":"jallu","Arvioitu lukuaika":"1 minuutti"},"schema":{"@context":"https:\/\/schema.org","@graph":[{"@type":"WebPage","@id":"https:\/\/www.kajaaninkuohu.fi\/?p=4542","url":"https:\/\/www.kajaaninkuohu.fi\/?p=4542","name":"Nyrkkeilyn kamppailuareena 21.7.2012 klo 13.00 - Kajaanin Kuohu","isPartOf":{"@id":"https:\/\/www.kajaaninkuohu.fi\/#website"},"datePublished":"2012-07-18T15:31:00+00:00","dateModified":"2012-07-22T10:43:53+00:00","author":{"@id":"https:\/\/www.kajaaninkuohu.fi\/#\/schema\/person\/1d69bd9ae0aa0f40f9e184dc31cca30e"},"breadcrumb":{"@id":"https:\/\/www.kajaaninkuohu.fi\/?p=4542#breadcrumb"},"inLanguage":"fi","potentialAction":[{"@type":"ReadAction","target":["https:\/\/www.kajaaninkuohu.fi\/?p=4542"]}]},{"@type":"BreadcrumbList","@id":"https:\/\/www.kajaaninkuohu.fi\/?p=4542#breadcrumb","itemListElement":[{"@type":"ListItem","position":1,"name":"Etusivu","item":"https:\/\/www.kajaaninkuohu.fi\/"},{"@type":"ListItem","position":2,"name":"Nyrkkeilyn kamppailuareena 21.7.2012 klo 13.00"}]},{"@type":"WebSite","@id":"https:\/\/www.kajaaninkuohu.fi\/#website","url":"https:\/\/www.kajaaninkuohu.fi\/","name":"Kajaanin Kuohu","description":"Urheiluseura","potentialAction":[{"@type":"SearchAction","target":{"@type":"EntryPoint","urlTemplate":"https:\/\/www.kajaaninkuohu.fi\/?s={search_term_string}"},"query-input":"required name=search_term_string"}],"inLanguage":"fi"},{"@type":"Person","@id":"https:\/\/www.kajaaninkuohu.fi\/#\/schema\/person\/1d69bd9ae0aa0f40f9e184dc31cca30e","name":"jallu","image":{"@type":"ImageObject","inLanguage":"fi","@id":"https:\/\/www.kajaaninkuohu.fi\/#\/schema\/person\/image\/","url":"https:\/\/secure.gravatar.com\/avatar\/e8d444ddfbbcb33e9aaa30184e3f9f0b?s=96&d=mm&r=g","contentUrl":"https:\/\/secure.gravatar.com\/avatar\/e8d444ddfbbcb33e9aaa30184e3f9f0b?s=96&d=mm&r=g","caption":"jallu"},"url":"https:\/\/www.kajaaninkuohu.fi\/?author=8"}]}},"_links":{"self":[{"href":"https:\/\/www.kajaaninkuohu.fi\/index.php?rest_route=\/wp\/v2\/posts\/4542"}],"collection":[{"href":"https:\/\/www.kajaaninkuohu.fi\/index.php?rest_route=\/wp\/v2\/posts"}],"about":[{"href":"https:\/\/www.kajaaninkuohu.fi\/index.php?rest_route=\/wp\/v2\/types\/post"}],"author":[{"embeddable":true,"href":"https:\/\/www.kajaaninkuohu.fi\/index.php?rest_route=\/wp\/v2\/users\/8"}],"replies":[{"embeddable":true,"href":"https:\/\/www.kajaaninkuohu.fi\/index.php?rest_route=%2Fwp%2Fv2%2Fcomments&post=4542"}],"version-history":[{"count":11,"href":"https:\/\/www.kajaaninkuohu.fi\/index.php?rest_route=\/wp\/v2\/posts\/4542\/revisions"}],"predecessor-version":[{"id":4552,"href":"https:\/\/www.kajaaninkuohu.fi\/index.php?rest_route=\/wp\/v2\/posts\/4542\/revisions\/4552"}],"wp:featuredmedia":[{"embeddable":true,"href":"https:\/\/www.kajaaninkuohu.fi\/index.php?rest_route=\/wp\/v2\/media\/4548"}],"wp:attachment":[{"href":"https:\/\/www.kajaaninkuohu.fi\/index.php?rest_route=%2Fwp%2Fv2%2Fmedia&parent=4542"}],"wp:term":[{"taxonomy":"category","embeddable":true,"href":"https:\/\/www.kajaaninkuohu.fi\/index.php?rest_route=%2Fwp%2Fv2%2Fcategories&post=4542"},{"taxonomy":"post_tag","embeddable":true,"href":"https:\/\/www.kajaaninkuohu.fi\/index.php?rest_route=%2Fwp%2Fv2%2Ftags&post=4542"}],"curies":[{"name":"wp","href":"https:\/\/api.w.org\/{rel}","templated":true}]}}