{"id":7253,"date":"2014-07-09T18:52:24","date_gmt":"2014-07-09T18:52:24","guid":{"rendered":"http:\/\/www.kajaaninkuohu.fi\/?p=7253"},"modified":"2015-02-07T15:51:02","modified_gmt":"2015-02-07T15:51:02","slug":"topi-kyllonen-euroopan-mestariksi","status":"publish","type":"post","link":"https:\/\/www.kajaaninkuohu.fi\/?p=7253","title":{"rendered":"Topi Kyll\u00f6nen Euroopan mestariksi!"},"content":{"rendered":"<p><a href=\"https:\/\/www.kajaaninkuohu.fi\/wp-content\/uploads\/2011\/01\/Topi-artikkuv.jpg\"><img loading=\"lazy\" decoding=\"async\" class=\"size-thumbnail wp-image-4838 alignright\" src=\"https:\/\/www.kajaaninkuohu.fi\/wp-content\/uploads\/2011\/01\/Topi-artikkuv-150x150.jpg\" alt=\"Topi artikkuv\" width=\"150\" height=\"150\" \/><\/a>Kajaanin Kuohun Toivo Kyll\u00f6nen on voittanut Tshekin Pilseniss\u00e4 k\u00e4ydyiss\u00e4 voimanoston veteraanien Euroopan mestaruuden sarjassa M60 120+kg! Topin sarja oli ennakolta eritt\u00e4in tiukka ja varsinkin penkin osalta ilmassa oli paljon kysymysmerkkej\u00e4.<\/p>\n<p>Peli kuitenkin ratkesi pitk\u00e4lti jo kyykylt\u00e4, kun Saksan Paul Harald h\u00f6lm\u00f6ili j\u00e4\u00e4den ilman tulosta ja Kyll\u00f6nen l\u00f6i taululle viimeisell\u00e4\u00e4n 230kg, jolla h\u00e4n j\u00e4tti my\u00f6s Ruotsin Christen Tryggin 40kg:n p\u00e4\u00e4h\u00e4n.<\/p>\n<p>Penkill\u00e4kin Topi onnistui olosuhteet huomioon ottaen hyvin tehden tuloksen 117,5kg. Ruotsin Trygg otti aloitti varmalla 110kg:lla ja veti sitten tiukan paidan p\u00e4\u00e4lle, jolla nostamisesta ei tullut mit\u00e4\u00e4n 160kg:n ja 170kg:n yrityksill\u00e4.\u00a0Saksan Harald voitti penkin lajikullan tuloksella 160kg ja Topille siis yli odotusten lajihopeaa.<\/p>\n<p>Maastavetoon l\u00e4htiess\u00e4 peli oli jo selv\u00e4 ja Topi varmisti euroopan mestaruuden ensimm\u00e4isell\u00e4 200kg:n vedollaan. Toisella tulos kaunistui 215kg:n, joka kesti my\u00f6s Tryggin hy\u00f6kk\u00e4yksen lajikultaan. Topin saldo kisasta siis kaksi lajikultaa, lajihopea ja yhteistuloskulta tuloksella 562,5kg.<\/p>\n<p>Kajaanin Kuohua edusti kisassa my\u00f6s Antero Juntunen, joka my\u00f6s ensimm\u00e4ist\u00e4 kertaa yli 60 vuotiaiden sarjassa pystyi kisaamaan muissakin lajeissa mitaleista, kuin bravuurilajissaan maastavedossa. Kuitenkin penkkipunnerruksessa Juntunen edelleen antaa liikaa tasoitusta kilpaveljilleen ja siksi yhteistuloksessa p\u00e4rj\u00e4\u00e4minen on vaikeaa.<\/p>\n<p>Antsa j\u00e4i eritt\u00e4in niukasti 215kg:n kyykyll\u00e4\u00e4n lajineloseksi, kun mestaruus meni 220kg:n tuloksella. Penkkipuolella Anteron tulos oli omalle tasolleen 105kg, mutta kuten edell\u00e4 mainittu, kaverit olivat kymmeni\u00e4 kiloja edell\u00e4 ja lajikultaan vaadittiin 160kg:n pukkaus. Maastavedossa Antero taisteli hienosti lajihopealle ja yritti viimeisell\u00e4\u00e4n haastaa yhteistulospronssista Saksan G\u00fcnter L\u00fcdecken, mutta 262,5kg oli liikaa jopa Juntuselle. Maastavedon lajikulta meni ihmemiehelle, Unkarin Janos Fabrille, joka 69-vuotiaana veti 270kg maasta. Fabri voitti my\u00f6s sarjan mestaruuden yhteistuloksessa.<\/p>\n<p><a href=\"http:\/\/www.europowerlifting.org\/fileadmin\/epf\/data\/results\/detail_results_ma_men_14.htm\">Kaikki tulokset<\/a><\/p>\n<p><iframe loading=\"lazy\" src=\"\/\/www.youtube.com\/embed\/npETd9Rspc8?rel=0\" width=\"450\" height=\"253\" frameborder=\"0\" allowfullscreen=\"allowfullscreen\"><\/iframe><\/p>\n","protected":false},"excerpt":{"rendered":"<p>Kajaanin Kuohun Toivo Kyll\u00f6nen on voittanut Tshekin Pilseniss\u00e4 k\u00e4ydyiss\u00e4 voimanoston veteraanien Euroopan mestaruuden sarjassa M60 120+kg! Topin sarja oli ennakolta<br \/><a class=\"lue-lisaa\" href=\"https:\/\/www.kajaaninkuohu.fi\/?p=7253\">Lue lis&auml;&auml; &raquo;<\/a><\/p>\n","protected":false},"author":4,"featured_media":4838,"comment_status":"open","ping_status":"open","sticky":false,"template":"","format":"standard","meta":{"ngg_post_thumbnail":0,"footnotes":""},"categories":[7],"tags":[],"yoast_head":"<!-- This site is optimized with the Yoast SEO plugin v20.1 - https:\/\/yoast.com\/wordpress\/plugins\/seo\/ -->\n<title>Topi Kyll\u00f6nen Euroopan mestariksi! - Kajaanin Kuohu<\/title>\n<meta name=\"robots\" content=\"index, follow, max-snippet:-1, max-image-preview:large, max-video-preview:-1\" \/>\n<link rel=\"canonical\" href=\"https:\/\/www.kajaaninkuohu.fi\/?p=7253\" \/>\n<meta property=\"og:locale\" content=\"fi_FI\" \/>\n<meta property=\"og:type\" content=\"article\" \/>\n<meta property=\"og:title\" content=\"Topi Kyll\u00f6nen Euroopan mestariksi! - Kajaanin Kuohu\" \/>\n<meta property=\"og:description\" content=\"Kajaanin Kuohun Toivo Kyll\u00f6nen on voittanut Tshekin Pilseniss\u00e4 k\u00e4ydyiss\u00e4 voimanoston veteraanien Euroopan mestaruuden sarjassa M60 120+kg! Topin sarja oli ennakoltaLue lis&auml;&auml; &raquo;\" \/>\n<meta property=\"og:url\" content=\"https:\/\/www.kajaaninkuohu.fi\/?p=7253\" \/>\n<meta property=\"og:site_name\" content=\"Kajaanin Kuohu\" \/>\n<meta property=\"article:published_time\" content=\"2014-07-09T18:52:24+00:00\" \/>\n<meta property=\"article:modified_time\" content=\"2015-02-07T15:51:02+00:00\" \/>\n<meta property=\"og:image\" content=\"https:\/\/www.kajaaninkuohu.fi\/wp-content\/uploads\/2011\/01\/Topi-artikkuv.jpg\" \/>\n\t<meta property=\"og:image:width\" content=\"440\" \/>\n\t<meta property=\"og:image:height\" content=\"462\" \/>\n\t<meta property=\"og:image:type\" content=\"image\/jpeg\" \/>\n<meta name=\"author\" content=\"tarmo\" \/>\n<meta name=\"twitter:card\" content=\"summary_large_image\" \/>\n<meta name=\"twitter:label1\" content=\"Kirjoittanut\" \/>\n\t<meta name=\"twitter:data1\" content=\"tarmo\" \/>\n\t<meta name=\"twitter:label2\" content=\"Arvioitu lukuaika\" \/>\n\t<meta name=\"twitter:data2\" content=\"1 minuutti\" \/>\n<script type=\"application\/ld+json\" class=\"yoast-schema-graph\">{\"@context\":\"https:\/\/schema.org\",\"@graph\":[{\"@type\":\"WebPage\",\"@id\":\"https:\/\/www.kajaaninkuohu.fi\/?p=7253\",\"url\":\"https:\/\/www.kajaaninkuohu.fi\/?p=7253\",\"name\":\"Topi Kyll\u00f6nen Euroopan mestariksi! - Kajaanin Kuohu\",\"isPartOf\":{\"@id\":\"https:\/\/www.kajaaninkuohu.fi\/#website\"},\"datePublished\":\"2014-07-09T18:52:24+00:00\",\"dateModified\":\"2015-02-07T15:51:02+00:00\",\"author\":{\"@id\":\"https:\/\/www.kajaaninkuohu.fi\/#\/schema\/person\/40bc30daf19074f285576b9a48449469\"},\"breadcrumb\":{\"@id\":\"https:\/\/www.kajaaninkuohu.fi\/?p=7253#breadcrumb\"},\"inLanguage\":\"fi\",\"potentialAction\":[{\"@type\":\"ReadAction\",\"target\":[\"https:\/\/www.kajaaninkuohu.fi\/?p=7253\"]}]},{\"@type\":\"BreadcrumbList\",\"@id\":\"https:\/\/www.kajaaninkuohu.fi\/?p=7253#breadcrumb\",\"itemListElement\":[{\"@type\":\"ListItem\",\"position\":1,\"name\":\"Etusivu\",\"item\":\"https:\/\/www.kajaaninkuohu.fi\/\"},{\"@type\":\"ListItem\",\"position\":2,\"name\":\"Topi Kyll\u00f6nen Euroopan mestariksi!\"}]},{\"@type\":\"WebSite\",\"@id\":\"https:\/\/www.kajaaninkuohu.fi\/#website\",\"url\":\"https:\/\/www.kajaaninkuohu.fi\/\",\"name\":\"Kajaanin Kuohu\",\"description\":\"Urheiluseura\",\"potentialAction\":[{\"@type\":\"SearchAction\",\"target\":{\"@type\":\"EntryPoint\",\"urlTemplate\":\"https:\/\/www.kajaaninkuohu.fi\/?s={search_term_string}\"},\"query-input\":\"required name=search_term_string\"}],\"inLanguage\":\"fi\"},{\"@type\":\"Person\",\"@id\":\"https:\/\/www.kajaaninkuohu.fi\/#\/schema\/person\/40bc30daf19074f285576b9a48449469\",\"name\":\"tarmo\",\"image\":{\"@type\":\"ImageObject\",\"inLanguage\":\"fi\",\"@id\":\"https:\/\/www.kajaaninkuohu.fi\/#\/schema\/person\/image\/\",\"url\":\"https:\/\/secure.gravatar.com\/avatar\/f1a7a71223a42c7c45bded4a07adc2f4?s=96&d=mm&r=g\",\"contentUrl\":\"https:\/\/secure.gravatar.com\/avatar\/f1a7a71223a42c7c45bded4a07adc2f4?s=96&d=mm&r=g\",\"caption\":\"tarmo\"},\"url\":\"https:\/\/www.kajaaninkuohu.fi\/?author=4\"}]}<\/script>\n<!-- \/ Yoast SEO plugin. -->","yoast_head_json":{"title":"Topi Kyll\u00f6nen Euroopan mestariksi! - Kajaanin Kuohu","robots":{"index":"index","follow":"follow","max-snippet":"max-snippet:-1","max-image-preview":"max-image-preview:large","max-video-preview":"max-video-preview:-1"},"canonical":"https:\/\/www.kajaaninkuohu.fi\/?p=7253","og_locale":"fi_FI","og_type":"article","og_title":"Topi Kyll\u00f6nen Euroopan mestariksi! - Kajaanin Kuohu","og_description":"Kajaanin Kuohun Toivo Kyll\u00f6nen on voittanut Tshekin Pilseniss\u00e4 k\u00e4ydyiss\u00e4 voimanoston veteraanien Euroopan mestaruuden sarjassa M60 120+kg! Topin sarja oli ennakoltaLue lis&auml;&auml; &raquo;","og_url":"https:\/\/www.kajaaninkuohu.fi\/?p=7253","og_site_name":"Kajaanin Kuohu","article_published_time":"2014-07-09T18:52:24+00:00","article_modified_time":"2015-02-07T15:51:02+00:00","og_image":[{"width":"440","height":"462","url":"https:\/\/www.kajaaninkuohu.fi\/wp-content\/uploads\/2011\/01\/Topi-artikkuv.jpg","type":"image\/jpeg"}],"author":"tarmo","twitter_card":"summary_large_image","twitter_misc":{"Kirjoittanut":"tarmo","Arvioitu lukuaika":"1 minuutti"},"schema":{"@context":"https:\/\/schema.org","@graph":[{"@type":"WebPage","@id":"https:\/\/www.kajaaninkuohu.fi\/?p=7253","url":"https:\/\/www.kajaaninkuohu.fi\/?p=7253","name":"Topi Kyll\u00f6nen Euroopan mestariksi! - Kajaanin Kuohu","isPartOf":{"@id":"https:\/\/www.kajaaninkuohu.fi\/#website"},"datePublished":"2014-07-09T18:52:24+00:00","dateModified":"2015-02-07T15:51:02+00:00","author":{"@id":"https:\/\/www.kajaaninkuohu.fi\/#\/schema\/person\/40bc30daf19074f285576b9a48449469"},"breadcrumb":{"@id":"https:\/\/www.kajaaninkuohu.fi\/?p=7253#breadcrumb"},"inLanguage":"fi","potentialAction":[{"@type":"ReadAction","target":["https:\/\/www.kajaaninkuohu.fi\/?p=7253"]}]},{"@type":"BreadcrumbList","@id":"https:\/\/www.kajaaninkuohu.fi\/?p=7253#breadcrumb","itemListElement":[{"@type":"ListItem","position":1,"name":"Etusivu","item":"https:\/\/www.kajaaninkuohu.fi\/"},{"@type":"ListItem","position":2,"name":"Topi Kyll\u00f6nen Euroopan mestariksi!"}]},{"@type":"WebSite","@id":"https:\/\/www.kajaaninkuohu.fi\/#website","url":"https:\/\/www.kajaaninkuohu.fi\/","name":"Kajaanin Kuohu","description":"Urheiluseura","potentialAction":[{"@type":"SearchAction","target":{"@type":"EntryPoint","urlTemplate":"https:\/\/www.kajaaninkuohu.fi\/?s={search_term_string}"},"query-input":"required name=search_term_string"}],"inLanguage":"fi"},{"@type":"Person","@id":"https:\/\/www.kajaaninkuohu.fi\/#\/schema\/person\/40bc30daf19074f285576b9a48449469","name":"tarmo","image":{"@type":"ImageObject","inLanguage":"fi","@id":"https:\/\/www.kajaaninkuohu.fi\/#\/schema\/person\/image\/","url":"https:\/\/secure.gravatar.com\/avatar\/f1a7a71223a42c7c45bded4a07adc2f4?s=96&d=mm&r=g","contentUrl":"https:\/\/secure.gravatar.com\/avatar\/f1a7a71223a42c7c45bded4a07adc2f4?s=96&d=mm&r=g","caption":"tarmo"},"url":"https:\/\/www.kajaaninkuohu.fi\/?author=4"}]}},"_links":{"self":[{"href":"https:\/\/www.kajaaninkuohu.fi\/index.php?rest_route=\/wp\/v2\/posts\/7253"}],"collection":[{"href":"https:\/\/www.kajaaninkuohu.fi\/index.php?rest_route=\/wp\/v2\/posts"}],"about":[{"href":"https:\/\/www.kajaaninkuohu.fi\/index.php?rest_route=\/wp\/v2\/types\/post"}],"author":[{"embeddable":true,"href":"https:\/\/www.kajaaninkuohu.fi\/index.php?rest_route=\/wp\/v2\/users\/4"}],"replies":[{"embeddable":true,"href":"https:\/\/www.kajaaninkuohu.fi\/index.php?rest_route=%2Fwp%2Fv2%2Fcomments&post=7253"}],"version-history":[{"count":6,"href":"https:\/\/www.kajaaninkuohu.fi\/index.php?rest_route=\/wp\/v2\/posts\/7253\/revisions"}],"predecessor-version":[{"id":7733,"href":"https:\/\/www.kajaaninkuohu.fi\/index.php?rest_route=\/wp\/v2\/posts\/7253\/revisions\/7733"}],"wp:featuredmedia":[{"embeddable":true,"href":"https:\/\/www.kajaaninkuohu.fi\/index.php?rest_route=\/wp\/v2\/media\/4838"}],"wp:attachment":[{"href":"https:\/\/www.kajaaninkuohu.fi\/index.php?rest_route=%2Fwp%2Fv2%2Fmedia&parent=7253"}],"wp:term":[{"taxonomy":"category","embeddable":true,"href":"https:\/\/www.kajaaninkuohu.fi\/index.php?rest_route=%2Fwp%2Fv2%2Fcategories&post=7253"},{"taxonomy":"post_tag","embeddable":true,"href":"https:\/\/www.kajaaninkuohu.fi\/index.php?rest_route=%2Fwp%2Fv2%2Ftags&post=7253"}],"curies":[{"name":"wp","href":"https:\/\/api.w.org\/{rel}","templated":true}]}}