{"id":7651,"date":"2014-12-22T17:13:29","date_gmt":"2014-12-22T17:13:29","guid":{"rendered":"http:\/\/www.kajaaninkuohu.fi\/?p=7651"},"modified":"2014-12-22T17:15:34","modified_gmt":"2014-12-22T17:15:34","slug":"vimpelin-rinteen-avaus-viikolla-2","status":"publish","type":"post","link":"https:\/\/www.kajaaninkuohu.fi\/?p=7651","title":{"rendered":"Vimpelin rinteen avaus  viikolla 2."},"content":{"rendered":"<p>Vimpelin rinteell\u00e4 on lunta tampattu kaikki \u00a0mit\u00e4 taivaalta on tullut.<\/p>\n<p>Tilanne n\u00e4ytt\u00e4\u00e4 t\u00e4ll\u00e4hetkell\u00e4 lupaavalta.<\/p>\n<p>Vuorossa on hissin vetolaitteiden -, \u00a0rinteen hyppyrien ja reilijen paikoilleen laitot sek\u00e4 henkil\u00f6st\u00f6n ty\u00f6h\u00f6n perehdytykset.<\/p>\n<p>Viime kausi rinteill\u00e4 oli lumitilanteen vuoksi huono joten viime kaudelle kausikortin ostaneet saavat kausikortin t\u00e4lle kaudelle puoleen hintaan.<\/p>\n<p>&nbsp;<\/p>\n","protected":false},"excerpt":{"rendered":"<p>Vimpelin rinteell\u00e4 on lunta tampattu kaikki \u00a0mit\u00e4 taivaalta on tullut. Tilanne n\u00e4ytt\u00e4\u00e4 t\u00e4ll\u00e4hetkell\u00e4 lupaavalta. Vuorossa on hissin vetolaitteiden -, \u00a0rinteen<br \/><a class=\"lue-lisaa\" href=\"https:\/\/www.kajaaninkuohu.fi\/?p=7651\">Lue lis&auml;&auml; &raquo;<\/a><\/p>\n","protected":false},"author":8,"featured_media":6459,"comment_status":"open","ping_status":"open","sticky":false,"template":"","format":"standard","meta":{"ngg_post_thumbnail":0,"footnotes":""},"categories":[43,1],"tags":[],"yoast_head":"<!-- This site is optimized with the Yoast SEO plugin v20.1 - https:\/\/yoast.com\/wordpress\/plugins\/seo\/ -->\n<title>Vimpelin rinteen avaus viikolla 2. - Kajaanin Kuohu<\/title>\n<meta name=\"robots\" content=\"index, follow, max-snippet:-1, max-image-preview:large, max-video-preview:-1\" \/>\n<link rel=\"canonical\" href=\"https:\/\/www.kajaaninkuohu.fi\/?p=7651\" \/>\n<meta property=\"og:locale\" content=\"fi_FI\" \/>\n<meta property=\"og:type\" content=\"article\" \/>\n<meta property=\"og:title\" content=\"Vimpelin rinteen avaus viikolla 2. - Kajaanin Kuohu\" \/>\n<meta property=\"og:description\" content=\"Vimpelin rinteell\u00e4 on lunta tampattu kaikki \u00a0mit\u00e4 taivaalta on tullut. Tilanne n\u00e4ytt\u00e4\u00e4 t\u00e4ll\u00e4hetkell\u00e4 lupaavalta. Vuorossa on hissin vetolaitteiden -, \u00a0rinteenLue lis&auml;&auml; &raquo;\" \/>\n<meta property=\"og:url\" content=\"https:\/\/www.kajaaninkuohu.fi\/?p=7651\" \/>\n<meta property=\"og:site_name\" content=\"Kajaanin Kuohu\" \/>\n<meta property=\"article:published_time\" content=\"2014-12-22T17:13:29+00:00\" \/>\n<meta property=\"article:modified_time\" content=\"2014-12-22T17:15:34+00:00\" \/>\n<meta property=\"og:image\" content=\"https:\/\/www.kajaaninkuohu.fi\/wp-content\/uploads\/2014\/01\/kahvioulko.jpg\" \/>\n\t<meta property=\"og:image:width\" content=\"1200\" \/>\n\t<meta property=\"og:image:height\" content=\"901\" \/>\n\t<meta property=\"og:image:type\" content=\"image\/jpeg\" \/>\n<meta name=\"author\" content=\"jallu\" \/>\n<meta name=\"twitter:card\" content=\"summary_large_image\" \/>\n<meta name=\"twitter:label1\" content=\"Kirjoittanut\" \/>\n\t<meta name=\"twitter:data1\" content=\"jallu\" \/>\n<script type=\"application\/ld+json\" class=\"yoast-schema-graph\">{\"@context\":\"https:\/\/schema.org\",\"@graph\":[{\"@type\":\"WebPage\",\"@id\":\"https:\/\/www.kajaaninkuohu.fi\/?p=7651\",\"url\":\"https:\/\/www.kajaaninkuohu.fi\/?p=7651\",\"name\":\"Vimpelin rinteen avaus viikolla 2. - Kajaanin Kuohu\",\"isPartOf\":{\"@id\":\"https:\/\/www.kajaaninkuohu.fi\/#website\"},\"datePublished\":\"2014-12-22T17:13:29+00:00\",\"dateModified\":\"2014-12-22T17:15:34+00:00\",\"author\":{\"@id\":\"https:\/\/www.kajaaninkuohu.fi\/#\/schema\/person\/1d69bd9ae0aa0f40f9e184dc31cca30e\"},\"breadcrumb\":{\"@id\":\"https:\/\/www.kajaaninkuohu.fi\/?p=7651#breadcrumb\"},\"inLanguage\":\"fi\",\"potentialAction\":[{\"@type\":\"ReadAction\",\"target\":[\"https:\/\/www.kajaaninkuohu.fi\/?p=7651\"]}]},{\"@type\":\"BreadcrumbList\",\"@id\":\"https:\/\/www.kajaaninkuohu.fi\/?p=7651#breadcrumb\",\"itemListElement\":[{\"@type\":\"ListItem\",\"position\":1,\"name\":\"Etusivu\",\"item\":\"https:\/\/www.kajaaninkuohu.fi\/\"},{\"@type\":\"ListItem\",\"position\":2,\"name\":\"Vimpelin rinteen avaus viikolla 2.\"}]},{\"@type\":\"WebSite\",\"@id\":\"https:\/\/www.kajaaninkuohu.fi\/#website\",\"url\":\"https:\/\/www.kajaaninkuohu.fi\/\",\"name\":\"Kajaanin Kuohu\",\"description\":\"Urheiluseura\",\"potentialAction\":[{\"@type\":\"SearchAction\",\"target\":{\"@type\":\"EntryPoint\",\"urlTemplate\":\"https:\/\/www.kajaaninkuohu.fi\/?s={search_term_string}\"},\"query-input\":\"required name=search_term_string\"}],\"inLanguage\":\"fi\"},{\"@type\":\"Person\",\"@id\":\"https:\/\/www.kajaaninkuohu.fi\/#\/schema\/person\/1d69bd9ae0aa0f40f9e184dc31cca30e\",\"name\":\"jallu\",\"image\":{\"@type\":\"ImageObject\",\"inLanguage\":\"fi\",\"@id\":\"https:\/\/www.kajaaninkuohu.fi\/#\/schema\/person\/image\/\",\"url\":\"https:\/\/secure.gravatar.com\/avatar\/e8d444ddfbbcb33e9aaa30184e3f9f0b?s=96&d=mm&r=g\",\"contentUrl\":\"https:\/\/secure.gravatar.com\/avatar\/e8d444ddfbbcb33e9aaa30184e3f9f0b?s=96&d=mm&r=g\",\"caption\":\"jallu\"},\"url\":\"https:\/\/www.kajaaninkuohu.fi\/?author=8\"}]}<\/script>\n<!-- \/ Yoast SEO plugin. -->","yoast_head_json":{"title":"Vimpelin rinteen avaus viikolla 2. - Kajaanin Kuohu","robots":{"index":"index","follow":"follow","max-snippet":"max-snippet:-1","max-image-preview":"max-image-preview:large","max-video-preview":"max-video-preview:-1"},"canonical":"https:\/\/www.kajaaninkuohu.fi\/?p=7651","og_locale":"fi_FI","og_type":"article","og_title":"Vimpelin rinteen avaus viikolla 2. - Kajaanin Kuohu","og_description":"Vimpelin rinteell\u00e4 on lunta tampattu kaikki \u00a0mit\u00e4 taivaalta on tullut. Tilanne n\u00e4ytt\u00e4\u00e4 t\u00e4ll\u00e4hetkell\u00e4 lupaavalta. Vuorossa on hissin vetolaitteiden -, \u00a0rinteenLue lis&auml;&auml; &raquo;","og_url":"https:\/\/www.kajaaninkuohu.fi\/?p=7651","og_site_name":"Kajaanin Kuohu","article_published_time":"2014-12-22T17:13:29+00:00","article_modified_time":"2014-12-22T17:15:34+00:00","og_image":[{"width":1200,"height":901,"url":"https:\/\/www.kajaaninkuohu.fi\/wp-content\/uploads\/2014\/01\/kahvioulko.jpg","type":"image\/jpeg"}],"author":"jallu","twitter_card":"summary_large_image","twitter_misc":{"Kirjoittanut":"jallu"},"schema":{"@context":"https:\/\/schema.org","@graph":[{"@type":"WebPage","@id":"https:\/\/www.kajaaninkuohu.fi\/?p=7651","url":"https:\/\/www.kajaaninkuohu.fi\/?p=7651","name":"Vimpelin rinteen avaus viikolla 2. - Kajaanin Kuohu","isPartOf":{"@id":"https:\/\/www.kajaaninkuohu.fi\/#website"},"datePublished":"2014-12-22T17:13:29+00:00","dateModified":"2014-12-22T17:15:34+00:00","author":{"@id":"https:\/\/www.kajaaninkuohu.fi\/#\/schema\/person\/1d69bd9ae0aa0f40f9e184dc31cca30e"},"breadcrumb":{"@id":"https:\/\/www.kajaaninkuohu.fi\/?p=7651#breadcrumb"},"inLanguage":"fi","potentialAction":[{"@type":"ReadAction","target":["https:\/\/www.kajaaninkuohu.fi\/?p=7651"]}]},{"@type":"BreadcrumbList","@id":"https:\/\/www.kajaaninkuohu.fi\/?p=7651#breadcrumb","itemListElement":[{"@type":"ListItem","position":1,"name":"Etusivu","item":"https:\/\/www.kajaaninkuohu.fi\/"},{"@type":"ListItem","position":2,"name":"Vimpelin rinteen avaus viikolla 2."}]},{"@type":"WebSite","@id":"https:\/\/www.kajaaninkuohu.fi\/#website","url":"https:\/\/www.kajaaninkuohu.fi\/","name":"Kajaanin Kuohu","description":"Urheiluseura","potentialAction":[{"@type":"SearchAction","target":{"@type":"EntryPoint","urlTemplate":"https:\/\/www.kajaaninkuohu.fi\/?s={search_term_string}"},"query-input":"required name=search_term_string"}],"inLanguage":"fi"},{"@type":"Person","@id":"https:\/\/www.kajaaninkuohu.fi\/#\/schema\/person\/1d69bd9ae0aa0f40f9e184dc31cca30e","name":"jallu","image":{"@type":"ImageObject","inLanguage":"fi","@id":"https:\/\/www.kajaaninkuohu.fi\/#\/schema\/person\/image\/","url":"https:\/\/secure.gravatar.com\/avatar\/e8d444ddfbbcb33e9aaa30184e3f9f0b?s=96&d=mm&r=g","contentUrl":"https:\/\/secure.gravatar.com\/avatar\/e8d444ddfbbcb33e9aaa30184e3f9f0b?s=96&d=mm&r=g","caption":"jallu"},"url":"https:\/\/www.kajaaninkuohu.fi\/?author=8"}]}},"_links":{"self":[{"href":"https:\/\/www.kajaaninkuohu.fi\/index.php?rest_route=\/wp\/v2\/posts\/7651"}],"collection":[{"href":"https:\/\/www.kajaaninkuohu.fi\/index.php?rest_route=\/wp\/v2\/posts"}],"about":[{"href":"https:\/\/www.kajaaninkuohu.fi\/index.php?rest_route=\/wp\/v2\/types\/post"}],"author":[{"embeddable":true,"href":"https:\/\/www.kajaaninkuohu.fi\/index.php?rest_route=\/wp\/v2\/users\/8"}],"replies":[{"embeddable":true,"href":"https:\/\/www.kajaaninkuohu.fi\/index.php?rest_route=%2Fwp%2Fv2%2Fcomments&post=7651"}],"version-history":[{"count":1,"href":"https:\/\/www.kajaaninkuohu.fi\/index.php?rest_route=\/wp\/v2\/posts\/7651\/revisions"}],"predecessor-version":[{"id":7660,"href":"https:\/\/www.kajaaninkuohu.fi\/index.php?rest_route=\/wp\/v2\/posts\/7651\/revisions\/7660"}],"wp:featuredmedia":[{"embeddable":true,"href":"https:\/\/www.kajaaninkuohu.fi\/index.php?rest_route=\/wp\/v2\/media\/6459"}],"wp:attachment":[{"href":"https:\/\/www.kajaaninkuohu.fi\/index.php?rest_route=%2Fwp%2Fv2%2Fmedia&parent=7651"}],"wp:term":[{"taxonomy":"category","embeddable":true,"href":"https:\/\/www.kajaaninkuohu.fi\/index.php?rest_route=%2Fwp%2Fv2%2Fcategories&post=7651"},{"taxonomy":"post_tag","embeddable":true,"href":"https:\/\/www.kajaaninkuohu.fi\/index.php?rest_route=%2Fwp%2Fv2%2Ftags&post=7651"}],"curies":[{"name":"wp","href":"https:\/\/api.w.org\/{rel}","templated":true}]}}