{"id":9405,"date":"2018-07-03T16:01:49","date_gmt":"2018-07-03T16:01:49","guid":{"rendered":"http:\/\/www.kajaaninkuohu.fi\/?p=9405"},"modified":"2018-07-19T13:14:37","modified_gmt":"2018-07-19T13:14:37","slug":"kamppailuereena-lauantaina-21-7-klo-13-00","status":"publish","type":"post","link":"https:\/\/www.kajaaninkuohu.fi\/?p=9405","title":{"rendered":"Kamppailuereena Lauantaina 21.7 klo 11.00"},"content":{"rendered":"<p><a href=\"https:\/\/www.kajaaninkuohu.fi\/wp-content\/uploads\/2016\/07\/hein\u00e4kuu-2016-042.jpg\"><img loading=\"lazy\" decoding=\"async\" src=\"https:\/\/www.kajaaninkuohu.fi\/wp-content\/uploads\/2016\/07\/hein\u00e4kuu-2016-042-300x180.jpg\" alt=\"hein\u00e4kuu 2016 042\" width=\"300\" height=\"180\" class=\"aligncenter size-medium wp-image-8440\" srcset=\"https:\/\/www.kajaaninkuohu.fi\/wp-content\/uploads\/2016\/07\/hein\u00e4kuu-2016-042-300x180.jpg 300w, https:\/\/www.kajaaninkuohu.fi\/wp-content\/uploads\/2016\/07\/hein\u00e4kuu-2016-042-1024x614.jpg 1024w\" sizes=\"(max-width: 300px) 100vw, 300px\" \/><\/a><\/p>\n<p><strong> madollisen Sateen vuoksi ottelut on siirretty alkamaan klo 11.00<\/strong><br \/>\nKamppailuareena iskelt\u00e4\u00e4n Raatihuoneentorilla Lauantaina 21.7 klo 11.00<br \/>\nNyrkkeilyt klo 11.00-12.00.<\/p>\n<p><strong>Voimanostot siirtyv\u00e4t Vienankadun voimailusalille<\/strong><br \/>\nVoimanostokilpailut klo 14.00<br \/>\nNyrkkeily Ottelulista:<br \/>\nC-45 kg  Pyry Holappa KajKu &#8211; TBA<br \/>\nC-57 kg  Pate Tolonen KajKu &#8211; TBA<br \/>\nN-60 kg  Eeva L\u00e4tti OKK &#8211; Linda Berg KajKu<br \/>\n75 kg    Antti Eskola RaNy &#8211; Aki Kyll\u00f6nen KajKu<br \/>\nYlituomari:<br \/>\nSeppo Heiskanen<br \/>\nTuomarit:<br \/>\nPetri Hirvasniemi<br \/>\nGigi Lenkkeri<br \/>\nMatteus Pirinen<br \/>\nPirjo Vihel\u00e4<\/p>\n<p><strong>VOIMANOSTOKISA<\/strong><\/p>\n<p> Kisassa 19 nostajaa kahdessa ryhm\u00e4ss\u00e4. Kilpailu etenee siten, ett\u00e4 1. ryhm\u00e4 kyykk\u00e4\u00e4 3 kierrosta -> 2. ryhm\u00e4 kyykk\u00e4\u00e4 3 kierrosta ->  1. Ryhm\u00e4 penkkaa 3 kierrosta -> 2. ryhm\u00e4 penkkaa 3 kierrosta -> 1 ryhm\u00e4 vet\u00e4\u00e4 maasta 3 kierrosta -> 2. ryhm\u00e4 vet\u00e4\u00e4 maasta 3 kierrosta.<\/p>\n<p>5 parasta nostajaa palkitaan pokaalein. Paremmuus ratkaistaan tuloksen ja painokertoimen suhteen laskettavilla wilksin pisteill\u00e4. Naisilla on oma taulukkonsa, joten tulokset ovat kutakuinkin vertailukelpoisia naisten ja miesten kesken.<\/p>\n<p>Sotkamon Visan Krista M\u00e4\u00e4tt\u00e4 osallistui kes\u00e4kuussa Kanadassa j\u00e4rjestettyihin voimanoston juniorien MM-kilpailuihin ja sijoittui siell\u00e4 kolmanneksi sarjassa M23 N57.<\/p>\n<p>Jari Saario Juankosken Punnerruksesta osallistui samaisiin Kanadan kisohin avoimen luokan kilpailuihin kuninkuusluokassa, eli yli 120 kiloisten sarjassa, jossa h\u00e4n saavutti maastavedon lajipronssia. Saariolta voidaan odottaa bravuurilajissaan jopa yli 350kg:n maastavetoa. My\u00f6s Jarin seurakaverilta, Joonas Pasaselta voidaan odottaa maastavedossa SE-yrityksi\u00e4.<\/p>\n<p>Kisa j\u00e4rjestet\u00e4\u00e4n raatihuoneen torilla, jos s\u00e4\u00e4 sen sallii. Nostolava ja painot eiv\u00e4t saa kastua, joten pienikin sateen uhka siirt\u00e4\u00e4 kisan vienankatu 7 voimailutiloihin.<\/p>\n<p>RYHM\u00c4 1 (Naiset ja miesjuniorit)<\/p>\n<p>Krista M\u00e4\u00e4tt\u00e4 \/-95 N23 63kg So-Vi<\/p>\n<p>Katja Dahlgren \/ -xx N 84kg Ols-Ta                                               <\/p>\n<p>Terhi Karppinen \/ -76 N40 84kg KiurU                                         <\/p>\n<p>Tiina Kangasj\u00e4rvel\u00e4 \/-81 N 52kg KajKu<\/p>\n<p>Pauliina P\u00e4\u00e4kk\u00f6nen \/ -93 N 84+kg KiimU                                   <\/p>\n<p>Lassi Immonen \/ -98 M23 83kg So-Vi<\/p>\n<p>Leo Lepp\u00e4vuori \/ -95 M23 83kg So-Vi<\/p>\n<p>Hannu \u00d6sterman \/-98 M23 105 OPT                                            <\/p>\n<p>Ville Niskanen \/-95 M23 120kg So-Vi<\/p>\n<p>RYHM\u00c4 2 (Miehet + Masters miehet)<\/p>\n<p>Juha \u00c4ik\u00e4s \/-94 M 83kg KajKu<\/p>\n<p>Sauli Leinonen \/ -79 M 93kg So-Vi<\/p>\n<p>Joonas Pasanen \/ -86 M 83kg JuPu                                              <\/p>\n<p>Jari Saario \/ -85 M +120kg JuPu<\/p>\n<p>Kaj Wasenius \/ -72 M40 120kg Team365                                    <\/p>\n<p>Alpo Karppinen \/ -71 M40 120kg KiurU                                      <\/p>\n<p>Juha J\u00e4rvisalo \/ -68 M50 93kg TVN                                               <\/p>\n<p>Petri Leinonen \/ -72 M40 93kg TiKa                                             <\/p>\n<p>Jari Niskanen \/-63 M50 120kg So-Vi<\/p>\n<p>Mikko Rusanen \/ -67 M50 83kg So-Vi<\/p>\n<p>-Tarmo<\/p>\n","protected":false},"excerpt":{"rendered":"<p>madollisen Sateen vuoksi ottelut on siirretty alkamaan klo 11.00 Kamppailuareena iskelt\u00e4\u00e4n Raatihuoneentorilla Lauantaina 21.7 klo 11.00 Nyrkkeilyt klo 11.00-12.00. Voimanostot<br \/><a class=\"lue-lisaa\" href=\"https:\/\/www.kajaaninkuohu.fi\/?p=9405\">Lue lis&auml;&auml; &raquo;<\/a><\/p>\n","protected":false},"author":8,"featured_media":8911,"comment_status":"open","ping_status":"open","sticky":false,"template":"","format":"standard","meta":{"ngg_post_thumbnail":0,"footnotes":""},"categories":[59,17,20,21,35,16,8,7],"tags":[],"yoast_head":"<!-- This site is optimized with the Yoast SEO plugin v20.1 - https:\/\/yoast.com\/wordpress\/plugins\/seo\/ -->\n<title>Kamppailuereena Lauantaina 21.7 klo 11.00 - Kajaanin Kuohu<\/title>\n<meta name=\"robots\" content=\"index, follow, max-snippet:-1, max-image-preview:large, max-video-preview:-1\" \/>\n<link rel=\"canonical\" href=\"https:\/\/www.kajaaninkuohu.fi\/?p=9405\" \/>\n<meta property=\"og:locale\" content=\"fi_FI\" \/>\n<meta property=\"og:type\" content=\"article\" \/>\n<meta property=\"og:title\" content=\"Kamppailuereena Lauantaina 21.7 klo 11.00 - Kajaanin Kuohu\" \/>\n<meta property=\"og:description\" content=\"madollisen Sateen vuoksi ottelut on siirretty alkamaan klo 11.00 Kamppailuareena iskelt\u00e4\u00e4n Raatihuoneentorilla Lauantaina 21.7 klo 11.00 Nyrkkeilyt klo 11.00-12.00. VoimanostotLue lis&auml;&auml; &raquo;\" \/>\n<meta property=\"og:url\" content=\"https:\/\/www.kajaaninkuohu.fi\/?p=9405\" \/>\n<meta property=\"og:site_name\" content=\"Kajaanin Kuohu\" \/>\n<meta property=\"article:published_time\" content=\"2018-07-03T16:01:49+00:00\" \/>\n<meta property=\"article:modified_time\" content=\"2018-07-19T13:14:37+00:00\" \/>\n<meta property=\"og:image\" content=\"https:\/\/www.kajaaninkuohu.fi\/wp-content\/uploads\/2017\/07\/DSC_3683netv.jpg\" \/>\n\t<meta property=\"og:image:width\" content=\"1468\" \/>\n\t<meta property=\"og:image:height\" content=\"980\" \/>\n\t<meta property=\"og:image:type\" content=\"image\/jpeg\" \/>\n<meta name=\"author\" content=\"jallu\" \/>\n<meta name=\"twitter:card\" content=\"summary_large_image\" \/>\n<meta name=\"twitter:label1\" content=\"Kirjoittanut\" \/>\n\t<meta name=\"twitter:data1\" content=\"jallu\" \/>\n\t<meta name=\"twitter:label2\" content=\"Arvioitu lukuaika\" \/>\n\t<meta name=\"twitter:data2\" content=\"2 minuuttia\" \/>\n<script type=\"application\/ld+json\" class=\"yoast-schema-graph\">{\"@context\":\"https:\/\/schema.org\",\"@graph\":[{\"@type\":\"WebPage\",\"@id\":\"https:\/\/www.kajaaninkuohu.fi\/?p=9405\",\"url\":\"https:\/\/www.kajaaninkuohu.fi\/?p=9405\",\"name\":\"Kamppailuereena Lauantaina 21.7 klo 11.00 - Kajaanin Kuohu\",\"isPartOf\":{\"@id\":\"https:\/\/www.kajaaninkuohu.fi\/#website\"},\"datePublished\":\"2018-07-03T16:01:49+00:00\",\"dateModified\":\"2018-07-19T13:14:37+00:00\",\"author\":{\"@id\":\"https:\/\/www.kajaaninkuohu.fi\/#\/schema\/person\/1d69bd9ae0aa0f40f9e184dc31cca30e\"},\"breadcrumb\":{\"@id\":\"https:\/\/www.kajaaninkuohu.fi\/?p=9405#breadcrumb\"},\"inLanguage\":\"fi\",\"potentialAction\":[{\"@type\":\"ReadAction\",\"target\":[\"https:\/\/www.kajaaninkuohu.fi\/?p=9405\"]}]},{\"@type\":\"BreadcrumbList\",\"@id\":\"https:\/\/www.kajaaninkuohu.fi\/?p=9405#breadcrumb\",\"itemListElement\":[{\"@type\":\"ListItem\",\"position\":1,\"name\":\"Etusivu\",\"item\":\"https:\/\/www.kajaaninkuohu.fi\/\"},{\"@type\":\"ListItem\",\"position\":2,\"name\":\"Kamppailuereena Lauantaina 21.7 klo 11.00\"}]},{\"@type\":\"WebSite\",\"@id\":\"https:\/\/www.kajaaninkuohu.fi\/#website\",\"url\":\"https:\/\/www.kajaaninkuohu.fi\/\",\"name\":\"Kajaanin Kuohu\",\"description\":\"Urheiluseura\",\"potentialAction\":[{\"@type\":\"SearchAction\",\"target\":{\"@type\":\"EntryPoint\",\"urlTemplate\":\"https:\/\/www.kajaaninkuohu.fi\/?s={search_term_string}\"},\"query-input\":\"required name=search_term_string\"}],\"inLanguage\":\"fi\"},{\"@type\":\"Person\",\"@id\":\"https:\/\/www.kajaaninkuohu.fi\/#\/schema\/person\/1d69bd9ae0aa0f40f9e184dc31cca30e\",\"name\":\"jallu\",\"image\":{\"@type\":\"ImageObject\",\"inLanguage\":\"fi\",\"@id\":\"https:\/\/www.kajaaninkuohu.fi\/#\/schema\/person\/image\/\",\"url\":\"https:\/\/secure.gravatar.com\/avatar\/e8d444ddfbbcb33e9aaa30184e3f9f0b?s=96&d=mm&r=g\",\"contentUrl\":\"https:\/\/secure.gravatar.com\/avatar\/e8d444ddfbbcb33e9aaa30184e3f9f0b?s=96&d=mm&r=g\",\"caption\":\"jallu\"},\"url\":\"https:\/\/www.kajaaninkuohu.fi\/?author=8\"}]}<\/script>\n<!-- \/ Yoast SEO plugin. -->","yoast_head_json":{"title":"Kamppailuereena Lauantaina 21.7 klo 11.00 - Kajaanin Kuohu","robots":{"index":"index","follow":"follow","max-snippet":"max-snippet:-1","max-image-preview":"max-image-preview:large","max-video-preview":"max-video-preview:-1"},"canonical":"https:\/\/www.kajaaninkuohu.fi\/?p=9405","og_locale":"fi_FI","og_type":"article","og_title":"Kamppailuereena Lauantaina 21.7 klo 11.00 - Kajaanin Kuohu","og_description":"madollisen Sateen vuoksi ottelut on siirretty alkamaan klo 11.00 Kamppailuareena iskelt\u00e4\u00e4n Raatihuoneentorilla Lauantaina 21.7 klo 11.00 Nyrkkeilyt klo 11.00-12.00. VoimanostotLue lis&auml;&auml; &raquo;","og_url":"https:\/\/www.kajaaninkuohu.fi\/?p=9405","og_site_name":"Kajaanin Kuohu","article_published_time":"2018-07-03T16:01:49+00:00","article_modified_time":"2018-07-19T13:14:37+00:00","og_image":[{"width":1468,"height":980,"url":"https:\/\/www.kajaaninkuohu.fi\/wp-content\/uploads\/2017\/07\/DSC_3683netv.jpg","type":"image\/jpeg"}],"author":"jallu","twitter_card":"summary_large_image","twitter_misc":{"Kirjoittanut":"jallu","Arvioitu lukuaika":"2 minuuttia"},"schema":{"@context":"https:\/\/schema.org","@graph":[{"@type":"WebPage","@id":"https:\/\/www.kajaaninkuohu.fi\/?p=9405","url":"https:\/\/www.kajaaninkuohu.fi\/?p=9405","name":"Kamppailuereena Lauantaina 21.7 klo 11.00 - Kajaanin Kuohu","isPartOf":{"@id":"https:\/\/www.kajaaninkuohu.fi\/#website"},"datePublished":"2018-07-03T16:01:49+00:00","dateModified":"2018-07-19T13:14:37+00:00","author":{"@id":"https:\/\/www.kajaaninkuohu.fi\/#\/schema\/person\/1d69bd9ae0aa0f40f9e184dc31cca30e"},"breadcrumb":{"@id":"https:\/\/www.kajaaninkuohu.fi\/?p=9405#breadcrumb"},"inLanguage":"fi","potentialAction":[{"@type":"ReadAction","target":["https:\/\/www.kajaaninkuohu.fi\/?p=9405"]}]},{"@type":"BreadcrumbList","@id":"https:\/\/www.kajaaninkuohu.fi\/?p=9405#breadcrumb","itemListElement":[{"@type":"ListItem","position":1,"name":"Etusivu","item":"https:\/\/www.kajaaninkuohu.fi\/"},{"@type":"ListItem","position":2,"name":"Kamppailuereena Lauantaina 21.7 klo 11.00"}]},{"@type":"WebSite","@id":"https:\/\/www.kajaaninkuohu.fi\/#website","url":"https:\/\/www.kajaaninkuohu.fi\/","name":"Kajaanin Kuohu","description":"Urheiluseura","potentialAction":[{"@type":"SearchAction","target":{"@type":"EntryPoint","urlTemplate":"https:\/\/www.kajaaninkuohu.fi\/?s={search_term_string}"},"query-input":"required name=search_term_string"}],"inLanguage":"fi"},{"@type":"Person","@id":"https:\/\/www.kajaaninkuohu.fi\/#\/schema\/person\/1d69bd9ae0aa0f40f9e184dc31cca30e","name":"jallu","image":{"@type":"ImageObject","inLanguage":"fi","@id":"https:\/\/www.kajaaninkuohu.fi\/#\/schema\/person\/image\/","url":"https:\/\/secure.gravatar.com\/avatar\/e8d444ddfbbcb33e9aaa30184e3f9f0b?s=96&d=mm&r=g","contentUrl":"https:\/\/secure.gravatar.com\/avatar\/e8d444ddfbbcb33e9aaa30184e3f9f0b?s=96&d=mm&r=g","caption":"jallu"},"url":"https:\/\/www.kajaaninkuohu.fi\/?author=8"}]}},"_links":{"self":[{"href":"https:\/\/www.kajaaninkuohu.fi\/index.php?rest_route=\/wp\/v2\/posts\/9405"}],"collection":[{"href":"https:\/\/www.kajaaninkuohu.fi\/index.php?rest_route=\/wp\/v2\/posts"}],"about":[{"href":"https:\/\/www.kajaaninkuohu.fi\/index.php?rest_route=\/wp\/v2\/types\/post"}],"author":[{"embeddable":true,"href":"https:\/\/www.kajaaninkuohu.fi\/index.php?rest_route=\/wp\/v2\/users\/8"}],"replies":[{"embeddable":true,"href":"https:\/\/www.kajaaninkuohu.fi\/index.php?rest_route=%2Fwp%2Fv2%2Fcomments&post=9405"}],"version-history":[{"count":8,"href":"https:\/\/www.kajaaninkuohu.fi\/index.php?rest_route=\/wp\/v2\/posts\/9405\/revisions"}],"predecessor-version":[{"id":9414,"href":"https:\/\/www.kajaaninkuohu.fi\/index.php?rest_route=\/wp\/v2\/posts\/9405\/revisions\/9414"}],"wp:featuredmedia":[{"embeddable":true,"href":"https:\/\/www.kajaaninkuohu.fi\/index.php?rest_route=\/wp\/v2\/media\/8911"}],"wp:attachment":[{"href":"https:\/\/www.kajaaninkuohu.fi\/index.php?rest_route=%2Fwp%2Fv2%2Fmedia&parent=9405"}],"wp:term":[{"taxonomy":"category","embeddable":true,"href":"https:\/\/www.kajaaninkuohu.fi\/index.php?rest_route=%2Fwp%2Fv2%2Fcategories&post=9405"},{"taxonomy":"post_tag","embeddable":true,"href":"https:\/\/www.kajaaninkuohu.fi\/index.php?rest_route=%2Fwp%2Fv2%2Ftags&post=9405"}],"curies":[{"name":"wp","href":"https:\/\/api.w.org\/{rel}","templated":true}]}}