{"id":9539,"date":"2018-09-06T08:07:27","date_gmt":"2018-09-06T08:07:27","guid":{"rendered":"http:\/\/www.kajaaninkuohu.fi\/?p=9539"},"modified":"2018-09-06T14:47:50","modified_gmt":"2018-09-06T14:47:50","slug":"suunnistusjaoston-30-vuotisjuhla-smkilpailu-la-15-9","status":"publish","type":"post","link":"https:\/\/www.kajaaninkuohu.fi\/?p=9539","title":{"rendered":"Suunnistusjaoston 30-vuotisjuhla &#8221;SM&#8221;kilpailu la 15.9.2018"},"content":{"rendered":"<p><strong><a href=\"https:\/\/www.kajaaninkuohu.fi\/wp-content\/uploads\/2018\/09\/SM-pokaali.jpg\"><img loading=\"lazy\" decoding=\"async\" class=\"alignleft size-medium wp-image-9541\" src=\"https:\/\/www.kajaaninkuohu.fi\/wp-content\/uploads\/2018\/09\/SM-pokaali-300x224.jpg\" alt=\"dav\" width=\"300\" height=\"224\" \/><\/a>Suunnistusjaoston 30-vuotisjuhlakilpailu suunnistetaan la 15.9. Ensimm\u00e4inen kilpailu oli 1989 H\u00e4iki\u00f6m\u00e4ess\u00e4 jolloin t\u00e4m\u00e4n jutun kirjoittaja(Veikko Repo) aloitti suunnistuksen. Ei ollut minun idea vaan Arto Karjalaisen.<\/strong><\/p>\n<p><strong>Kuvan Pohjola-yhti\u00f6 lahjoittaman pokaali oli tarkoitettu kes\u00e4n jaoston j\u00e4rjest\u00e4mill\u00e4 torstairastien yhteydess\u00e4 pidett\u00e4vien yrityssuunnistuksen joukkuekilpailun parhaalle. Mutta otimme sen parempaan k\u00e4ytt\u00f6\u00f6n. Piti teett\u00e4\u00e4 lis\u00e4jalka, kun ei sopinut nimi\u00e4 en\u00e4\u00e4 pokaaliin.<\/strong><\/p>\n<p><strong>Kuvan kiertopalkinnossa on nyt 29 nimikaiverrusta eli seuran mestaria. Pokaalin on m\u00e4\u00e4r\u00e4 kiert\u00e4\u00e4 niin kauan kuin seuran mestaruuskisoja j\u00e4rjestet\u00e4\u00e4n.<br \/>\n<\/strong><\/p>\n<p><strong>Kisat on k\u00e4yty yhden kerran Ristij\u00e4rvell\u00e4 Saukkovaaran takamaastossa ja Kuhmon Risteliss\u00e4 kaksi kertaa Vuokatissa. Loput Kajaanin l\u00e4himaastoissa. Ratamestareina on ollut KaSu, SoJy, RasHyn ja omia suunnistajia.<\/strong><\/p>\n<p><strong>Saas n\u00e4hd\u00e4 kenen nimi pokaaliin nyt tulee?\u00a0 Meid\u00e4n kisoissa ei noudateta SSL-liiton s\u00e4\u00e4nt\u00f6j\u00e4 vaan aina on ratamestari saanut tehd\u00e4 jotain erikoista. Kisassa on yksi sarja. Kisan&#8221;tuomarineuvosto&#8221;p\u00e4\u00e4tt\u00e4\u00e4 kisan tasoitukset\u00a0 i\u00e4n, taidon ja kunnon mukaan. Radassa voi olla my\u00f6s muita jekkuja.<br \/>\n<\/strong><\/p>\n<p><strong>Voittaja kaivertaa nimens\u00e4 vasta protestiajan j\u00e4lkeen elikk\u00e4, kun olemme saunassa k\u00e4yneet koska voittaja on vaihtunut muutaman kerran tarkan leimojen tarkistuksen j\u00e4lkeen.<\/strong><\/p>\n<p><strong>Tulokset ja kuvia tulee kisan j\u00e4lkeen(kenties video).<\/strong><\/p>\n<p>&nbsp;<\/p>\n","protected":false},"excerpt":{"rendered":"<p>Suunnistusjaoston 30-vuotisjuhlakilpailu suunnistetaan la 15.9. Ensimm\u00e4inen kilpailu oli 1989 H\u00e4iki\u00f6m\u00e4ess\u00e4 jolloin t\u00e4m\u00e4n jutun kirjoittaja(Veikko Repo) aloitti suunnistuksen. Ei ollut minun<br \/><a class=\"lue-lisaa\" href=\"https:\/\/www.kajaaninkuohu.fi\/?p=9539\">Lue lis&auml;&auml; &raquo;<\/a><\/p>\n","protected":false},"author":13,"featured_media":9540,"comment_status":"open","ping_status":"open","sticky":false,"template":"","format":"standard","meta":{"ngg_post_thumbnail":0,"footnotes":""},"categories":[23,24,35],"tags":[],"yoast_head":"<!-- This site is optimized with the Yoast SEO plugin v20.1 - https:\/\/yoast.com\/wordpress\/plugins\/seo\/ -->\n<title>Suunnistusjaoston 30-vuotisjuhla &quot;SM&quot;kilpailu la 15.9.2018 - Kajaanin Kuohu<\/title>\n<meta name=\"robots\" content=\"index, follow, max-snippet:-1, max-image-preview:large, max-video-preview:-1\" \/>\n<link rel=\"canonical\" href=\"https:\/\/www.kajaaninkuohu.fi\/?p=9539\" \/>\n<meta property=\"og:locale\" content=\"fi_FI\" \/>\n<meta property=\"og:type\" content=\"article\" \/>\n<meta property=\"og:title\" content=\"Suunnistusjaoston 30-vuotisjuhla &quot;SM&quot;kilpailu la 15.9.2018 - Kajaanin Kuohu\" \/>\n<meta property=\"og:description\" content=\"Suunnistusjaoston 30-vuotisjuhlakilpailu suunnistetaan la 15.9. Ensimm\u00e4inen kilpailu oli 1989 H\u00e4iki\u00f6m\u00e4ess\u00e4 jolloin t\u00e4m\u00e4n jutun kirjoittaja(Veikko Repo) aloitti suunnistuksen. Ei ollut minunLue lis&auml;&auml; &raquo;\" \/>\n<meta property=\"og:url\" content=\"https:\/\/www.kajaaninkuohu.fi\/?p=9539\" \/>\n<meta property=\"og:site_name\" content=\"Kajaanin Kuohu\" \/>\n<meta property=\"article:published_time\" content=\"2018-09-06T08:07:27+00:00\" \/>\n<meta property=\"article:modified_time\" content=\"2018-09-06T14:47:50+00:00\" \/>\n<meta property=\"og:image\" content=\"https:\/\/www.kajaaninkuohu.fi\/wp-content\/uploads\/2018\/09\/Seuran-SM-kisakuva-2017.jpg\" \/>\n\t<meta property=\"og:image:width\" content=\"1280\" \/>\n\t<meta property=\"og:image:height\" content=\"960\" \/>\n\t<meta property=\"og:image:type\" content=\"image\/jpeg\" \/>\n<meta name=\"author\" content=\"Veikko Repo\" \/>\n<meta name=\"twitter:card\" content=\"summary_large_image\" \/>\n<meta name=\"twitter:label1\" content=\"Kirjoittanut\" \/>\n\t<meta name=\"twitter:data1\" content=\"Veikko Repo\" \/>\n\t<meta name=\"twitter:label2\" content=\"Arvioitu lukuaika\" \/>\n\t<meta name=\"twitter:data2\" content=\"1 minuutti\" \/>\n<script type=\"application\/ld+json\" class=\"yoast-schema-graph\">{\"@context\":\"https:\/\/schema.org\",\"@graph\":[{\"@type\":\"WebPage\",\"@id\":\"https:\/\/www.kajaaninkuohu.fi\/?p=9539\",\"url\":\"https:\/\/www.kajaaninkuohu.fi\/?p=9539\",\"name\":\"Suunnistusjaoston 30-vuotisjuhla \\\"SM\\\"kilpailu la 15.9.2018 - Kajaanin Kuohu\",\"isPartOf\":{\"@id\":\"https:\/\/www.kajaaninkuohu.fi\/#website\"},\"datePublished\":\"2018-09-06T08:07:27+00:00\",\"dateModified\":\"2018-09-06T14:47:50+00:00\",\"author\":{\"@id\":\"https:\/\/www.kajaaninkuohu.fi\/#\/schema\/person\/48574d5a43652b304d469e04cb7804a7\"},\"breadcrumb\":{\"@id\":\"https:\/\/www.kajaaninkuohu.fi\/?p=9539#breadcrumb\"},\"inLanguage\":\"fi\",\"potentialAction\":[{\"@type\":\"ReadAction\",\"target\":[\"https:\/\/www.kajaaninkuohu.fi\/?p=9539\"]}]},{\"@type\":\"BreadcrumbList\",\"@id\":\"https:\/\/www.kajaaninkuohu.fi\/?p=9539#breadcrumb\",\"itemListElement\":[{\"@type\":\"ListItem\",\"position\":1,\"name\":\"Etusivu\",\"item\":\"https:\/\/www.kajaaninkuohu.fi\/\"},{\"@type\":\"ListItem\",\"position\":2,\"name\":\"Suunnistusjaoston 30-vuotisjuhla &#8221;SM&#8221;kilpailu la 15.9.2018\"}]},{\"@type\":\"WebSite\",\"@id\":\"https:\/\/www.kajaaninkuohu.fi\/#website\",\"url\":\"https:\/\/www.kajaaninkuohu.fi\/\",\"name\":\"Kajaanin Kuohu\",\"description\":\"Urheiluseura\",\"potentialAction\":[{\"@type\":\"SearchAction\",\"target\":{\"@type\":\"EntryPoint\",\"urlTemplate\":\"https:\/\/www.kajaaninkuohu.fi\/?s={search_term_string}\"},\"query-input\":\"required name=search_term_string\"}],\"inLanguage\":\"fi\"},{\"@type\":\"Person\",\"@id\":\"https:\/\/www.kajaaninkuohu.fi\/#\/schema\/person\/48574d5a43652b304d469e04cb7804a7\",\"name\":\"Veikko Repo\",\"image\":{\"@type\":\"ImageObject\",\"inLanguage\":\"fi\",\"@id\":\"https:\/\/www.kajaaninkuohu.fi\/#\/schema\/person\/image\/\",\"url\":\"https:\/\/secure.gravatar.com\/avatar\/16893c888af7ad7fff58034969d2f139?s=96&d=mm&r=g\",\"contentUrl\":\"https:\/\/secure.gravatar.com\/avatar\/16893c888af7ad7fff58034969d2f139?s=96&d=mm&r=g\",\"caption\":\"Veikko Repo\"},\"url\":\"https:\/\/www.kajaaninkuohu.fi\/?author=13\"}]}<\/script>\n<!-- \/ Yoast SEO plugin. -->","yoast_head_json":{"title":"Suunnistusjaoston 30-vuotisjuhla \"SM\"kilpailu la 15.9.2018 - Kajaanin Kuohu","robots":{"index":"index","follow":"follow","max-snippet":"max-snippet:-1","max-image-preview":"max-image-preview:large","max-video-preview":"max-video-preview:-1"},"canonical":"https:\/\/www.kajaaninkuohu.fi\/?p=9539","og_locale":"fi_FI","og_type":"article","og_title":"Suunnistusjaoston 30-vuotisjuhla \"SM\"kilpailu la 15.9.2018 - Kajaanin Kuohu","og_description":"Suunnistusjaoston 30-vuotisjuhlakilpailu suunnistetaan la 15.9. Ensimm\u00e4inen kilpailu oli 1989 H\u00e4iki\u00f6m\u00e4ess\u00e4 jolloin t\u00e4m\u00e4n jutun kirjoittaja(Veikko Repo) aloitti suunnistuksen. Ei ollut minunLue lis&auml;&auml; &raquo;","og_url":"https:\/\/www.kajaaninkuohu.fi\/?p=9539","og_site_name":"Kajaanin Kuohu","article_published_time":"2018-09-06T08:07:27+00:00","article_modified_time":"2018-09-06T14:47:50+00:00","og_image":[{"width":1280,"height":960,"url":"https:\/\/www.kajaaninkuohu.fi\/wp-content\/uploads\/2018\/09\/Seuran-SM-kisakuva-2017.jpg","type":"image\/jpeg"}],"author":"Veikko Repo","twitter_card":"summary_large_image","twitter_misc":{"Kirjoittanut":"Veikko Repo","Arvioitu lukuaika":"1 minuutti"},"schema":{"@context":"https:\/\/schema.org","@graph":[{"@type":"WebPage","@id":"https:\/\/www.kajaaninkuohu.fi\/?p=9539","url":"https:\/\/www.kajaaninkuohu.fi\/?p=9539","name":"Suunnistusjaoston 30-vuotisjuhla \"SM\"kilpailu la 15.9.2018 - Kajaanin Kuohu","isPartOf":{"@id":"https:\/\/www.kajaaninkuohu.fi\/#website"},"datePublished":"2018-09-06T08:07:27+00:00","dateModified":"2018-09-06T14:47:50+00:00","author":{"@id":"https:\/\/www.kajaaninkuohu.fi\/#\/schema\/person\/48574d5a43652b304d469e04cb7804a7"},"breadcrumb":{"@id":"https:\/\/www.kajaaninkuohu.fi\/?p=9539#breadcrumb"},"inLanguage":"fi","potentialAction":[{"@type":"ReadAction","target":["https:\/\/www.kajaaninkuohu.fi\/?p=9539"]}]},{"@type":"BreadcrumbList","@id":"https:\/\/www.kajaaninkuohu.fi\/?p=9539#breadcrumb","itemListElement":[{"@type":"ListItem","position":1,"name":"Etusivu","item":"https:\/\/www.kajaaninkuohu.fi\/"},{"@type":"ListItem","position":2,"name":"Suunnistusjaoston 30-vuotisjuhla &#8221;SM&#8221;kilpailu la 15.9.2018"}]},{"@type":"WebSite","@id":"https:\/\/www.kajaaninkuohu.fi\/#website","url":"https:\/\/www.kajaaninkuohu.fi\/","name":"Kajaanin Kuohu","description":"Urheiluseura","potentialAction":[{"@type":"SearchAction","target":{"@type":"EntryPoint","urlTemplate":"https:\/\/www.kajaaninkuohu.fi\/?s={search_term_string}"},"query-input":"required name=search_term_string"}],"inLanguage":"fi"},{"@type":"Person","@id":"https:\/\/www.kajaaninkuohu.fi\/#\/schema\/person\/48574d5a43652b304d469e04cb7804a7","name":"Veikko Repo","image":{"@type":"ImageObject","inLanguage":"fi","@id":"https:\/\/www.kajaaninkuohu.fi\/#\/schema\/person\/image\/","url":"https:\/\/secure.gravatar.com\/avatar\/16893c888af7ad7fff58034969d2f139?s=96&d=mm&r=g","contentUrl":"https:\/\/secure.gravatar.com\/avatar\/16893c888af7ad7fff58034969d2f139?s=96&d=mm&r=g","caption":"Veikko Repo"},"url":"https:\/\/www.kajaaninkuohu.fi\/?author=13"}]}},"_links":{"self":[{"href":"https:\/\/www.kajaaninkuohu.fi\/index.php?rest_route=\/wp\/v2\/posts\/9539"}],"collection":[{"href":"https:\/\/www.kajaaninkuohu.fi\/index.php?rest_route=\/wp\/v2\/posts"}],"about":[{"href":"https:\/\/www.kajaaninkuohu.fi\/index.php?rest_route=\/wp\/v2\/types\/post"}],"author":[{"embeddable":true,"href":"https:\/\/www.kajaaninkuohu.fi\/index.php?rest_route=\/wp\/v2\/users\/13"}],"replies":[{"embeddable":true,"href":"https:\/\/www.kajaaninkuohu.fi\/index.php?rest_route=%2Fwp%2Fv2%2Fcomments&post=9539"}],"version-history":[{"count":6,"href":"https:\/\/www.kajaaninkuohu.fi\/index.php?rest_route=\/wp\/v2\/posts\/9539\/revisions"}],"predecessor-version":[{"id":9547,"href":"https:\/\/www.kajaaninkuohu.fi\/index.php?rest_route=\/wp\/v2\/posts\/9539\/revisions\/9547"}],"wp:featuredmedia":[{"embeddable":true,"href":"https:\/\/www.kajaaninkuohu.fi\/index.php?rest_route=\/wp\/v2\/media\/9540"}],"wp:attachment":[{"href":"https:\/\/www.kajaaninkuohu.fi\/index.php?rest_route=%2Fwp%2Fv2%2Fmedia&parent=9539"}],"wp:term":[{"taxonomy":"category","embeddable":true,"href":"https:\/\/www.kajaaninkuohu.fi\/index.php?rest_route=%2Fwp%2Fv2%2Fcategories&post=9539"},{"taxonomy":"post_tag","embeddable":true,"href":"https:\/\/www.kajaaninkuohu.fi\/index.php?rest_route=%2Fwp%2Fv2%2Ftags&post=9539"}],"curies":[{"name":"wp","href":"https:\/\/api.w.org\/{rel}","templated":true}]}}